{"id":9838,"date":"2026-05-02T07:10:02","date_gmt":"2026-05-02T07:10:02","guid":{"rendered":"https:\/\/fomi.bi\/fr\/?p=9838"},"modified":"2026-05-02T07:10:06","modified_gmt":"2026-05-02T07:10:06","slug":"celebration-de-la-journee-internationale-du-travail-et-des-travailleurs","status":"publish","type":"post","link":"https:\/\/fomi.bi\/fr\/2026\/05\/02\/celebration-de-la-journee-internationale-du-travail-et-des-travailleurs\/","title":{"rendered":"C\u00e9l\u00e9bration de la journ\u00e9e internationale du travail et des travailleurs"},"content":{"rendered":"\n<figure class=\"wp-block-image size-full\"><img fetchpriority=\"high\" decoding=\"async\" width=\"2560\" height=\"1706\" src=\"https:\/\/fomi.bi\/fr\/wp-content\/uploads\/sites\/2\/2026\/05\/WhatsApp-Image-2026-05-01-at-15.28.14.jpeg\" alt=\"\" class=\"wp-image-9854\"\/><\/figure>\n\n\n\n<figure class=\"wp-block-image size-full\"><img decoding=\"async\" width=\"1600\" height=\"1066\" src=\"https:\/\/fomi.bi\/fr\/wp-content\/uploads\/sites\/2\/2026\/05\/WhatsApp-Image-2026-05-01-at-15.28.14-2.jpeg\" alt=\"\" class=\"wp-image-9849\"\/><\/figure>\n\n\n\n<figure class=\"wp-block-image size-full\"><img decoding=\"async\" width=\"1600\" height=\"1066\" src=\"https:\/\/fomi.bi\/fr\/wp-content\/uploads\/sites\/2\/2026\/05\/WhatsApp-Image-2026-05-01-at-15.28.14-3.jpeg\" alt=\"\" class=\"wp-image-9850\"\/><\/figure>\n\n\n\n<p>Ce vendredi 1er mai 2026, le monde a c\u00e9l\u00e9br\u00e9 la Journ\u00e9e internationale du travail et des travailleurs. Au Burundi, cette journ\u00e9e a \u00e9t\u00e9 c\u00e9l\u00e9br\u00e9e sous le th\u00e8me : \u00ab Le travail est un honneur, chaque Burundais doit mettre son talent au service de la r\u00e9alisation de la vision du pays \u00bb. Les travailleurs de <strong>FOMI<\/strong> et de l&#8217;<strong>ITRACOM HOLDING LTD<\/strong> se sont joints aux travailleurs de la province de Bujumbura pour c\u00e9l\u00e9brer cette journ\u00e9e sous le th\u00e8me : \u00ab Avec FOMI, prot\u00e9geons nos terres et augmentons la production conform\u00e9ment \u00e0 la vision du Burundi \u00bb. <\/p>\n\n\n\n<figure class=\"wp-block-image size-full\"><img loading=\"lazy\" decoding=\"async\" width=\"1600\" height=\"1066\" src=\"https:\/\/fomi.bi\/fr\/wp-content\/uploads\/sites\/2\/2026\/05\/WhatsApp-Image-2026-05-01-at-15.28.14-6.jpeg\" alt=\"\" class=\"wp-image-9853\"\/><\/figure>\n\n\n\n<p>Dans son discours, <strong>Prosper BAZOMBANZA<\/strong>, vice-pr\u00e9sident de la R\u00e9publique du Burundi, qui pr\u00e9sidait les c\u00e9r\u00e9monies dans la province de Bujumbura, a d\u00e9clar\u00e9 que celui qui aime son pays travaille dans le respect des lois et r\u00e8glements nationaux. Il se doit agir en champion des travaux qui contribuent au d\u00e9veloppement du pays en promouvant l&#8217;int\u00e9r\u00eat commun et en soutenant le gouvernement dans le paiement des imp\u00f4ts. Il doit \u00e9galement d\u00e9noncer ceux qui se livrent \u00e0 la corruption et au d\u00e9tournement de fonds. Enfin, il doit s&#8217;impliquer dans la protection de l&#8217;environnement, qui est plus que jamais un pilier de l&#8217;\u00e9conomie.<\/p>\n\n\n\n<figure class=\"wp-block-image size-full\"><img loading=\"lazy\" decoding=\"async\" width=\"1600\" height=\"1066\" src=\"https:\/\/fomi.bi\/fr\/wp-content\/uploads\/sites\/2\/2026\/05\/WhatsApp-Image-2026-05-01-at-15.28.14-5.jpeg\" alt=\"\" class=\"wp-image-9852\"\/><\/figure>\n\n\n\n<figure class=\"wp-block-image size-full\"><img loading=\"lazy\" decoding=\"async\" width=\"1600\" height=\"1066\" src=\"https:\/\/fomi.bi\/fr\/wp-content\/uploads\/sites\/2\/2026\/05\/WhatsApp-Image-2026-05-01-at-15.28.14-4.jpeg\" alt=\"\" class=\"wp-image-9851\"\/><\/figure>\n\n\n\n<figure class=\"wp-block-image size-full\"><img loading=\"lazy\" decoding=\"async\" width=\"2560\" height=\"1706\" src=\"https:\/\/fomi.bi\/fr\/wp-content\/uploads\/sites\/2\/2026\/05\/WhatsApp-Image-2026-05-01-at-15.28.13-1.jpeg\" alt=\"\" class=\"wp-image-9840\"\/><\/figure>\n\n\n\n<figure class=\"wp-block-image size-full\"><img loading=\"lazy\" decoding=\"async\" width=\"1600\" height=\"1066\" src=\"https:\/\/fomi.bi\/fr\/wp-content\/uploads\/sites\/2\/2026\/05\/WhatsApp-Image-2026-05-01-at-15.28.13-3.jpeg\" alt=\"\" class=\"wp-image-9842\"\/><\/figure>\n\n\n\n<figure class=\"wp-block-image size-full\"><img loading=\"lazy\" decoding=\"async\" width=\"2560\" height=\"1706\" src=\"https:\/\/fomi.bi\/fr\/wp-content\/uploads\/sites\/2\/2026\/05\/WhatsApp-Image-2026-05-01-at-15.28.13-2.jpeg\" alt=\"\" class=\"wp-image-9841\"\/><\/figure>\n\n\n\n<figure class=\"wp-block-image size-full\"><img loading=\"lazy\" decoding=\"async\" width=\"2560\" height=\"1706\" src=\"https:\/\/fomi.bi\/fr\/wp-content\/uploads\/sites\/2\/2026\/05\/WhatsApp-Image-2026-05-01-at-15.28.11.jpeg\" alt=\"\" class=\"wp-image-9839\"\/><\/figure>\n\n\n\n<figure class=\"wp-block-image size-full\"><img loading=\"lazy\" decoding=\"async\" width=\"2560\" height=\"1706\" src=\"https:\/\/fomi.bi\/fr\/wp-content\/uploads\/sites\/2\/2026\/05\/WhatsApp-Image-2026-05-01-at-15.28.13.jpeg\" alt=\"\" class=\"wp-image-9847\"\/><\/figure>\n\n\n\n<p><\/p>\n","protected":false},"excerpt":{"rendered":"<p>Ce vendredi 1er mai 2026, le monde a c\u00e9l\u00e9br\u00e9 la Journ\u00e9e internationale du travail et des travailleurs. Au Burundi, cette journ\u00e9e a \u00e9t\u00e9 c\u00e9l\u00e9br\u00e9e sous le th\u00e8me : \u00ab Le travail est un honneur, chaque Burundais doit mettre son talent au service de la r\u00e9alisation de la vision du pays \u00bb. Les travailleurs de FOMI [&hellip;]<\/p>\n","protected":false},"author":1,"featured_media":0,"comment_status":"closed","ping_status":"open","sticky":false,"template":"","format":"standard","meta":{"footnotes":""},"categories":[1],"tags":[],"class_list":["post-9838","post","type-post","status-publish","format-standard","hentry","category-uncategorized"],"_links":{"self":[{"href":"https:\/\/fomi.bi\/fr\/wp-json\/wp\/v2\/posts\/9838","targetHints":{"allow":["GET"]}}],"collection":[{"href":"https:\/\/fomi.bi\/fr\/wp-json\/wp\/v2\/posts"}],"about":[{"href":"https:\/\/fomi.bi\/fr\/wp-json\/wp\/v2\/types\/post"}],"author":[{"embeddable":true,"href":"https:\/\/fomi.bi\/fr\/wp-json\/wp\/v2\/users\/1"}],"replies":[{"embeddable":true,"href":"https:\/\/fomi.bi\/fr\/wp-json\/wp\/v2\/comments?post=9838"}],"version-history":[{"count":1,"href":"https:\/\/fomi.bi\/fr\/wp-json\/wp\/v2\/posts\/9838\/revisions"}],"predecessor-version":[{"id":9855,"href":"https:\/\/fomi.bi\/fr\/wp-json\/wp\/v2\/posts\/9838\/revisions\/9855"}],"wp:attachment":[{"href":"https:\/\/fomi.bi\/fr\/wp-json\/wp\/v2\/media?parent=9838"}],"wp:term":[{"taxonomy":"category","embeddable":true,"href":"https:\/\/fomi.bi\/fr\/wp-json\/wp\/v2\/categories?post=9838"},{"taxonomy":"post_tag","embeddable":true,"href":"https:\/\/fomi.bi\/fr\/wp-json\/wp\/v2\/tags?post=9838"}],"curies":[{"name":"wp","href":"https:\/\/api.w.org\/{rel}","templated":true}]}}